{"id":2303,"date":"2026-03-18T00:08:18","date_gmt":"2026-03-17T23:08:18","guid":{"rendered":"https:\/\/www.mouvementrepublicain.org\/?p=2303"},"modified":"2026-03-18T01:02:21","modified_gmt":"2026-03-18T00:02:21","slug":"reaction-du-president-melaine-destin-gavet-elengo-apres-publication-des-resultats-provisoires-de-lelection-presidentielle-des-12-et-15-mars-2026","status":"publish","type":"post","link":"https:\/\/www.mouvementrepublicain.org\/index.php\/2026\/03\/18\/reaction-du-president-melaine-destin-gavet-elengo-apres-publication-des-resultats-provisoires-de-lelection-presidentielle-des-12-et-15-mars-2026\/","title":{"rendered":"R\u00c9ACTION DU PR\u00c9SIDENT MELAINE DESTIN GAVET ELENGO, APR\u00c8S PUBLICATION DES R\u00c9SULTATS PROVISOIRES DE L&#8217;\u00c9LECTION PR\u00c9SIDENTIELLE DES 12 ET 15 MARS 2026"},"content":{"rendered":"\n<p><\/p>\n\n\n\n<p><\/p>\n\n\n\n<figure class=\"wp-block-image size-large\"><img loading=\"lazy\" decoding=\"async\" width=\"1024\" height=\"774\" src=\"https:\/\/www.mouvementrepublicain.org\/wp-content\/uploads\/2026\/03\/1000863587-1024x774.jpg\" alt=\"\" class=\"wp-image-2304\" srcset=\"https:\/\/www.mouvementrepublicain.org\/wp-content\/uploads\/2026\/03\/1000863587-1024x774.jpg 1024w, https:\/\/www.mouvementrepublicain.org\/wp-content\/uploads\/2026\/03\/1000863587-300x227.jpg 300w, https:\/\/www.mouvementrepublicain.org\/wp-content\/uploads\/2026\/03\/1000863587-768x580.jpg 768w, https:\/\/www.mouvementrepublicain.org\/wp-content\/uploads\/2026\/03\/1000863587-600x453.jpg 600w, https:\/\/www.mouvementrepublicain.org\/wp-content\/uploads\/2026\/03\/1000863587.jpg 1080w\" sizes=\"auto, (max-width: 1024px) 100vw, 1024px\" \/><\/figure>\n\n\n\n<p><\/p>\n\n\n\n<p><\/p>\n\n\n\n<p><mark style=\"background-color:rgba(0, 0, 0, 0)\" class=\"has-inline-color has-black-color\">Mes chers compatriotes,<\/mark><\/p>\n\n\n\n<p><\/p>\n\n\n\n<p><mark style=\"background-color:rgba(0, 0, 0, 0)\" class=\"has-inline-color has-black-color\">Ce soir du 17 Mars 2026, le peuple congolais, l\u2019Afrique et le monde entier ont entendu le ministre de l\u2019Int\u00e9rieur proclamer des r\u00e9sultats provisoires du scrutin pr\u00e9sidentiel des 12 et 13 Mars 2026 qu\u2019il pr\u00e9sente comme l\u2019expression de la volont\u00e9 populaire. <\/mark><\/p>\n\n\n\n<p><\/p>\n\n\n\n<p><mark style=\"background-color:rgba(0, 0, 0, 0)\" class=\"has-inline-color has-black-color\">Nous le disons avec gravit\u00e9 et avec force : ces r\u00e9sultats ne sont ni sinc\u00e8res, ni cr\u00e9dibles, ni conformes \u00e0 l&#8217;aspiration profonde du peuple congolais.<\/mark><\/p>\n\n\n\n<p><\/p>\n\n\n\n<p><mark style=\"background-color:rgba(0, 0, 0, 0)\" class=\"has-inline-color has-black-color\">Car ce qui a \u00e9t\u00e9 annonc\u00e9 ce soir ne correspond pas \u00e0 l\u2019\u00e9lection pr\u00e9sidentielle des 12 et 15 Mars 2026, celle \u00e0 laquelle nous avons bel et bien pris part avec le peuple congolais. Ce qui a \u00e9t\u00e9 lu ce soir n\u2019est pas la v\u00e9rit\u00e9 du vote ; c\u2019est une tentative de confiscation de l\u2019esp\u00e9rance nationale.<\/mark><\/p>\n\n\n\n<p><\/p>\n\n\n\n<p><mark style=\"background-color:rgba(0, 0, 0, 0)\" class=\"has-inline-color has-black-color\">Vous avez tous constat\u00e9 que toute les communications ont \u00e9t\u00e9 coup\u00e9s d\u00e8s la matin\u00e9e du 15 Mars 2026, alors c&#8217;est \u00e9trange qu&#8217;ils aient pu collecter les r\u00e9sultats sur l&#8217;ensemble des 342.000km2 de l&#8217;\u00e9tendue de notre pays en moins de 48 heures !<\/mark><\/p>\n\n\n\n<p><\/p>\n\n\n\n<p><mark style=\"background-color:rgba(0, 0, 0, 0)\" class=\"has-inline-color has-black-color\">Nous rejetons cat\u00e9goriquement ces r\u00e9sultats provisoires.<\/mark><\/p>\n\n\n\n<p><br><mark style=\"background-color:rgba(0, 0, 0, 0)\" class=\"has-inline-color has-black-color\">Nous rejetons \u00e9galement le taux de participation annonc\u00e9, qui ne refl\u00e8te en rien la r\u00e9alit\u00e9 observ\u00e9e sur l\u2019ensemble du territoire national.<\/mark><\/p>\n\n\n\n<p><\/p>\n\n\n\n<p><mark style=\"background-color:rgba(0, 0, 0, 0)\" class=\"has-inline-color has-black-color\">\u00c0 vous, peuple congolais, je veux parler avec le c\u0153ur : je connais votre douleur. Je comprends votre col\u00e8re. Je mesure votre d\u00e9ception.<\/mark><\/p>\n\n\n\n<p><\/p>\n\n\n\n<p><mark style=\"background-color:rgba(0, 0, 0, 0)\" class=\"has-inline-color has-black-color\">Ce soir, aucune liesse populaire n\u2019a envahi nos rues. Aucun chant de victoire n\u2019a retenti. Aucun peuple heureux n\u2019a c\u00e9l\u00e9br\u00e9. Ce silence lourd qui p\u00e8se sur notre pays est le cri \u00e9touff\u00e9 d\u2019une nation bless\u00e9e, meurtrie, abandonn\u00e9e<\/mark>.<\/p>\n\n\n\n<p><\/p>\n\n\n\n<p><mark style=\"background-color:rgba(0, 0, 0, 0)\" class=\"has-inline-color has-black-color\">Oui, je sais ce que vous ressentez : la douleur de voir se profiler cinq nouvelles ann\u00e9es de mis\u00e8re, de ch\u00f4mage, de pauvret\u00e9, d\u2019injustice, de m\u00e9pris, d\u2019humiliation et de souffrance. Mais je vous le dis avec fermet\u00e9 : ne c\u00e9dez ni au d\u00e9couragement, ni \u00e0 la r\u00e9signation.<\/mark><\/p>\n\n\n\n<p><\/p>\n\n\n\n<p><mark style=\"background-color:rgba(0, 0, 0, 0)\" class=\"has-inline-color has-black-color\">Je remercie du fond du c\u0153ur chaque Congolaise et chaque Congolais qui nous a accord\u00e9 sa confiance, qui a brav\u00e9 la peur, qui a vot\u00e9 pour l\u2019alternance, pour la dignit\u00e9, pour la R\u00e9publique. <\/mark><\/p>\n\n\n\n<p><\/p>\n\n\n\n<p><mark style=\"background-color:rgba(0, 0, 0, 0)\" class=\"has-inline-color has-black-color\">Vos voix ne sont pas perdues. Vos voix comptent. Vos voix resteront le socle du changement \u00e0 venir.<\/mark><\/p>\n\n\n\n<p><\/p>\n\n\n\n<p>Le combat continue.<\/p>\n\n\n\n<p><br><mark style=\"background-color:rgba(0, 0, 0, 0)\" class=\"has-inline-color has-black-color\">Le changement reste in\u00e9vitable.<br>Que Dieu vous b\u00e9nisse, et que Dieu b\u00e9nisse le Congo.<\/mark><\/p>\n\n\n\n<p><\/p>\n\n\n\n<p><mark style=\"background-color:rgba(0, 0, 0, 0)\" class=\"has-inline-color has-black-color\">Melaine Destin GAVET ELENGO,<br>Candidat \u00e0 l\u2019\u00e9lection pr\u00e9sidentielle des 12 et 15 Mars 2026.<\/mark><\/p>\n\n\n\n<p><\/p>\n\n\n\n<figure class=\"wp-block-embed is-type-video is-provider-youtube wp-block-embed-youtube wp-embed-aspect-16-9 wp-has-aspect-ratio\"><div class=\"wp-block-embed__wrapper\">\n<iframe loading=\"lazy\" title=\"MR : R\u00e9action du Pr\u00e9sident Destin GAVET apr\u00e8s la publication des r\u00e9sultats provisoires du 15\/03\/26.\" width=\"640\" height=\"360\" src=\"https:\/\/www.youtube.com\/embed\/PZUlOfHeI1I?feature=oembed\" frameborder=\"0\" allow=\"accelerometer; autoplay; clipboard-write; encrypted-media; gyroscope; picture-in-picture; web-share\" referrerpolicy=\"strict-origin-when-cross-origin\" allowfullscreen><\/iframe>\n<\/div><\/figure>\n\n\n\n<p><\/p>\n\n\n\n<p><\/p>\n\n\n\n<p><strong><mark style=\"background-color:rgba(0, 0, 0, 0)\" class=\"has-inline-color has-vivid-red-color\">Achat des consciences par le PCT le 15 Mars 2026 :<\/mark><\/strong><\/p>\n\n\n\n<p><\/p>\n\n\n\n<figure class=\"wp-block-video\"><video height=\"1280\" style=\"aspect-ratio: 720 \/ 1280;\" width=\"720\" controls src=\"https:\/\/www.mouvementrepublicain.org\/wp-content\/uploads\/2026\/03\/1000863497.mp4\"><\/video><\/figure>\n\n\n\n<p><\/p>\n\n\n\n<p><strong><mark><strong><mark style=\"background-color:rgba(0, 0, 0, 0)\" class=\"has-inline-color has-vivid-red-color\">TRICHERIE DU PCT :<\/mark><\/strong><\/mark><\/strong><\/p>\n\n\n\n<p><\/p>\n\n\n\n<figure class=\"wp-block-video\"><video height=\"1280\" style=\"aspect-ratio: 720 \/ 1280;\" width=\"720\" controls src=\"https:\/\/www.mouvementrepublicain.org\/wp-content\/uploads\/2026\/03\/1000863398.mp4\"><\/video><\/figure>\n\n\n\n<p><\/p>\n\n\n\n<p><strong><mark style=\"background-color:rgba(0, 0, 0, 0)\" class=\"has-inline-color has-vivid-red-color\">TRICHERIE DU PCT :<\/mark><\/strong><\/p>\n\n\n\n<p><\/p>\n\n\n\n<figure class=\"wp-block-video\"><video height=\"1280\" style=\"aspect-ratio: 720 \/ 1280;\" width=\"720\" controls src=\"https:\/\/www.mouvementrepublicain.org\/wp-content\/uploads\/2026\/03\/1000863394.mp4\"><\/video><\/figure>\n\n\n\n<p><\/p>\n\n\n\n<p><\/p>\n","protected":false},"excerpt":{"rendered":"<p>Mes chers compatriotes, Ce soir du 17 Mars 2026, le peuple congolais, l\u2019Afrique et le monde entier ont entendu le ministre de l\u2019Int\u00e9rieur proclamer des r\u00e9sultats provisoires du scrutin pr\u00e9sidentiel des 12 et 13 Mars 2026 qu\u2019il pr\u00e9sente comme l\u2019expression de la volont\u00e9 populaire. Nous le disons avec gravit\u00e9 et avec force : ces r\u00e9sultats &hellip; <\/p>\n<p class=\"link-more\"><a href=\"https:\/\/www.mouvementrepublicain.org\/index.php\/2026\/03\/18\/reaction-du-president-melaine-destin-gavet-elengo-apres-publication-des-resultats-provisoires-de-lelection-presidentielle-des-12-et-15-mars-2026\/\" class=\"more-link\">Continue reading<span class=\"screen-reader-text\"> &#8220;R\u00c9ACTION DU PR\u00c9SIDENT MELAINE DESTIN GAVET ELENGO, APR\u00c8S PUBLICATION DES R\u00c9SULTATS PROVISOIRES DE L&#8217;\u00c9LECTION PR\u00c9SIDENTIELLE DES 12 ET 15 MARS 2026&#8221;<\/span><\/a><\/p>\n","protected":false},"author":1,"featured_media":0,"comment_status":"open","ping_status":"open","sticky":false,"template":"","format":"standard","meta":{"_regular_price":[],"currency_symbol":[],"footnotes":""},"categories":[1],"tags":[],"class_list":["post-2303","post","type-post","status-publish","format-standard","hentry","category-non-classe"],"post_slider_layout_featured_media_urls":{"thumbnail":"","post_slider_layout_landscape_large":"","post_slider_layout_portrait_large":"","post_slider_layout_square_large":"","post_slider_layout_landscape":"","post_slider_layout_portrait":"","post_slider_layout_square":"","full":""},"_links":{"self":[{"href":"https:\/\/www.mouvementrepublicain.org\/index.php\/wp-json\/wp\/v2\/posts\/2303","targetHints":{"allow":["GET"]}}],"collection":[{"href":"https:\/\/www.mouvementrepublicain.org\/index.php\/wp-json\/wp\/v2\/posts"}],"about":[{"href":"https:\/\/www.mouvementrepublicain.org\/index.php\/wp-json\/wp\/v2\/types\/post"}],"author":[{"embeddable":true,"href":"https:\/\/www.mouvementrepublicain.org\/index.php\/wp-json\/wp\/v2\/users\/1"}],"replies":[{"embeddable":true,"href":"https:\/\/www.mouvementrepublicain.org\/index.php\/wp-json\/wp\/v2\/comments?post=2303"}],"version-history":[{"count":7,"href":"https:\/\/www.mouvementrepublicain.org\/index.php\/wp-json\/wp\/v2\/posts\/2303\/revisions"}],"predecessor-version":[{"id":2318,"href":"https:\/\/www.mouvementrepublicain.org\/index.php\/wp-json\/wp\/v2\/posts\/2303\/revisions\/2318"}],"wp:attachment":[{"href":"https:\/\/www.mouvementrepublicain.org\/index.php\/wp-json\/wp\/v2\/media?parent=2303"}],"wp:term":[{"taxonomy":"category","embeddable":true,"href":"https:\/\/www.mouvementrepublicain.org\/index.php\/wp-json\/wp\/v2\/categories?post=2303"},{"taxonomy":"post_tag","embeddable":true,"href":"https:\/\/www.mouvementrepublicain.org\/index.php\/wp-json\/wp\/v2\/tags?post=2303"}],"curies":[{"name":"wp","href":"https:\/\/api.w.org\/{rel}","templated":true}]}}